{"id":78,"date":"2013-01-11T14:27:00","date_gmt":"2013-01-11T14:27:00","guid":{"rendered":"http:\/\/www.xescavidal.com\/blog\/comunicacion-no-verbal-en-el-ambito-judicial\/"},"modified":"2014-02-14T12:27:53","modified_gmt":"2014-02-14T12:27:53","slug":"comunicacion-no-verbal-en-el-ambito-judicial","status":"publish","type":"post","link":"http:\/\/www.xescavidal.com\/blog\/comunicacion-no-verbal-en-el-ambito-judicial\/","title":{"rendered":"Comunicaci\u00f3n no verbal en el \u00e1mbito judicial"},"content":{"rendered":"<p><span>A los profesionales del \u00e1mbito judicial se les supone buena oratoria. Por la naturaleza de sus profesi\u00f3n es evidente que el trabajo de documentar y argumentar sus exposiciones verbales les ocupa un tiempo preciado, quiz\u00e1s el de mayor relevancia intelectual. La cuesti\u00f3n reside en la falta de preparaci\u00f3n en c\u00f3mo ser\u00e1n dichos en voz alta esos argumentos. C\u00f3mo responder\u00e1n a sus opuestos ante un argumento nuevo o imprevisto. C\u00f3mo resolver\u00e1n cualquier situaci\u00f3n dial\u00e9ctica conflictiva. C\u00f3mo trasladar\u00e1n la impresi\u00f3n de dominio de la situaci\u00f3n. O c\u00f3mo elegantemente resolver\u00e1n una intervenci\u00f3n a\u00fan a sabiendas de la dificultad de su posici\u00f3n de defensa. En todo ello reside parte importante de la brillantez del orador, es cierto. Pero hay a\u00fan m\u00e1s. Un aspecto descuidado y en cierto modo desconocido por la mayor parte de los letrados. Es la comunicaci\u00f3n no verbal ante un tribunal\u2026 o ante un cliente.<\/span><\/p>\n<div><\/div>\n<div><span>A modo de ser formativos -y entretenidos al mismo tiempo-, a partir de esta fecha ya de \u201ca\u00f1o nuevo\u201d realizaremos diferentes entradas en este blog relativas a los temas citados. Como ejemplos utilizaremos noticias recientes publicadas en los medios de comunicaci\u00f3n anal\u00f3gicos o digitales y analizaremos con brevedad secuencias relativas juicios \u201cespectaculares\u201d ver\u00eddicos o no.<\/p>\n<p><\/span><\/div>\n<div><\/div>\n<div><span>As\u00ed empezamos 2013\u2026 Buen n\u00famero y buen a\u00f1o<\/span><\/p>\n<\/div>\n<p><!--EndFragment--><\/p>\n","protected":false},"excerpt":{"rendered":"<p>A los profesionales del \u00e1mbito judicial se les supone buena oratoria. Por la naturaleza de sus profesi\u00f3n es evidente que el trabajo de documentar y argumentar sus exposiciones verbales les ocupa un tiempo preciado, quiz\u00e1s el de mayor relevancia intelectual. La cuesti\u00f3n reside en la falta de preparaci\u00f3n en c\u00f3mo ser\u00e1n dichos en voz alta [&hellip;]<\/p>\n","protected":false},"author":1,"featured_media":0,"comment_status":"open","ping_status":"open","sticky":false,"template":"","format":"standard","meta":[],"categories":[3,1,22],"tags":[],"aioseo_notices":[],"_links":{"self":[{"href":"http:\/\/www.xescavidal.com\/blog\/wp-json\/wp\/v2\/posts\/78"}],"collection":[{"href":"http:\/\/www.xescavidal.com\/blog\/wp-json\/wp\/v2\/posts"}],"about":[{"href":"http:\/\/www.xescavidal.com\/blog\/wp-json\/wp\/v2\/types\/post"}],"author":[{"embeddable":true,"href":"http:\/\/www.xescavidal.com\/blog\/wp-json\/wp\/v2\/users\/1"}],"replies":[{"embeddable":true,"href":"http:\/\/www.xescavidal.com\/blog\/wp-json\/wp\/v2\/comments?post=78"}],"version-history":[{"count":1,"href":"http:\/\/www.xescavidal.com\/blog\/wp-json\/wp\/v2\/posts\/78\/revisions"}],"predecessor-version":[{"id":102,"href":"http:\/\/www.xescavidal.com\/blog\/wp-json\/wp\/v2\/posts\/78\/revisions\/102"}],"wp:attachment":[{"href":"http:\/\/www.xescavidal.com\/blog\/wp-json\/wp\/v2\/media?parent=78"}],"wp:term":[{"taxonomy":"category","embeddable":true,"href":"http:\/\/www.xescavidal.com\/blog\/wp-json\/wp\/v2\/categories?post=78"},{"taxonomy":"post_tag","embeddable":true,"href":"http:\/\/www.xescavidal.com\/blog\/wp-json\/wp\/v2\/tags?post=78"}],"curies":[{"name":"wp","href":"https:\/\/api.w.org\/{rel}","templated":true}]}}